{"id":3114,"date":"2015-05-05T00:00:00","date_gmt":"2015-05-05T00:00:00","guid":{"rendered":"https:\/\/jeanrioux.net\/bellemareart\/2024\/12\/07\/exposition-connexion-bellemare\/"},"modified":"2024-12-07T17:07:21","modified_gmt":"2024-12-07T17:07:21","slug":"exposition-connexion-bellemare","status":"publish","type":"post","link":"https:\/\/www.bellemareart.com\/fr\/exposition-connexion-bellemare\/","title":{"rendered":"Exposition \/ Connexion \/ Bellemare"},"content":{"rendered":"<p>Superbe soir\u00e9e pour le vernissage de mon <strong>exposition \u00ab\u00a0Connexion\u00a0\u00bb<\/strong> hier! Merci \u00e0 Brigitte Poitras pour sa visite et f\u00e9licitations pour son acquisition qui par le fait m\u00eame, contribue \u00e0 la Fondation du Dr Julien.<\/p>\n<p><a href=\"http:\/\/www.mreno.com\/portfolios\/pierre-bellemare\/\" target=\"_blank\" rel=\"noopener\">www.mreno.com\/portfolios\/pierre-bellemare\/<\/a><\/p>\n","protected":false},"excerpt":{"rendered":"<p>Superbe soir\u00e9e pour le vernissage de mon exposition \u00ab\u00a0Connexion\u00a0\u00bb hier! Merci \u00e0 Brigitte Poitras pour sa visite et f\u00e9licitations pour son acquisition qui par le fait m\u00eame, contribue \u00e0 la Fondation du Dr Julien. www.mreno.com\/portfolios\/pierre-bellemare\/<\/p>\n","protected":false},"author":2,"featured_media":3162,"comment_status":"open","ping_status":"open","sticky":false,"template":"","format":"standard","meta":{"_et_pb_use_builder":"","_et_pb_old_content":"","_et_gb_content_width":"","footnotes":""},"categories":[],"tags":[],"class_list":["post-3114","post","type-post","status-publish","format-standard","has-post-thumbnail","hentry"],"yoast_head":"<!-- This site is optimized with the Yoast SEO plugin v27.0 - https:\/\/yoast.com\/product\/yoast-seo-wordpress\/ -->\n<title>Exposition \/ Connexion \/ Bellemare - Pierre Bellemare<\/title>\n<meta name=\"robots\" content=\"index, follow, max-snippet:-1, max-image-preview:large, max-video-preview:-1\" \/>\n<link rel=\"canonical\" href=\"https:\/\/www.bellemareart.com\/fr\/exposition-connexion-bellemare\/\" \/>\n<meta property=\"og:locale\" content=\"fr_FR\" \/>\n<meta property=\"og:type\" content=\"article\" \/>\n<meta property=\"og:title\" content=\"Exposition \/ Connexion \/ Bellemare - Pierre Bellemare\" \/>\n<meta property=\"og:description\" content=\"Superbe soir\u00e9e pour le vernissage de mon exposition \u00ab\u00a0Connexion\u00a0\u00bb hier! Merci \u00e0 Brigitte Poitras pour sa visite et f\u00e9licitations pour son acquisition qui par le fait m\u00eame, contribue \u00e0 la Fondation du Dr Julien. www.mreno.com\/portfolios\/pierre-bellemare\/\" \/>\n<meta property=\"og:url\" content=\"https:\/\/www.bellemareart.com\/fr\/exposition-connexion-bellemare\/\" \/>\n<meta property=\"og:site_name\" content=\"Pierre Bellemare\" \/>\n<meta property=\"article:published_time\" content=\"2015-05-05T00:00:00+00:00\" \/>\n<meta property=\"article:modified_time\" content=\"2024-12-07T17:07:21+00:00\" \/>\n<meta property=\"og:image\" content=\"https:\/\/www.bellemareart.com\/wp-content\/uploads\/2024\/12\/Connexion.jpg\" \/>\n\t<meta property=\"og:image:width\" content=\"1000\" \/>\n\t<meta property=\"og:image:height\" content=\"425\" \/>\n\t<meta property=\"og:image:type\" content=\"image\/jpeg\" \/>\n<meta name=\"author\" content=\"Pierre Bellemare\" \/>\n<meta name=\"twitter:card\" content=\"summary_large_image\" \/>\n<meta name=\"twitter:label1\" content=\"\u00c9crit par\" \/>\n\t<meta name=\"twitter:data1\" content=\"Pierre Bellemare\" \/>\n<script type=\"application\/ld+json\" class=\"yoast-schema-graph\">{\"@context\":\"https:\/\/schema.org\",\"@graph\":[{\"@type\":\"Article\",\"@id\":\"https:\/\/www.bellemareart.com\/fr\/exposition-connexion-bellemare\/#article\",\"isPartOf\":{\"@id\":\"https:\/\/www.bellemareart.com\/fr\/exposition-connexion-bellemare\/\"},\"author\":{\"name\":\"Pierre Bellemare\",\"@id\":\"https:\/\/www.bellemareart.com\/#\/schema\/person\/52edad8d7db1bc3e7bab550ad97ef6f1\"},\"headline\":\"Exposition \/ Connexion \/ Bellemare\",\"datePublished\":\"2015-05-05T00:00:00+00:00\",\"dateModified\":\"2024-12-07T17:07:21+00:00\",\"mainEntityOfPage\":{\"@id\":\"https:\/\/www.bellemareart.com\/fr\/exposition-connexion-bellemare\/\"},\"wordCount\":43,\"commentCount\":0,\"publisher\":{\"@id\":\"https:\/\/www.bellemareart.com\/#\/schema\/person\/52edad8d7db1bc3e7bab550ad97ef6f1\"},\"image\":{\"@id\":\"https:\/\/www.bellemareart.com\/fr\/exposition-connexion-bellemare\/#primaryimage\"},\"thumbnailUrl\":\"https:\/\/www.bellemareart.com\/wp-content\/uploads\/2024\/12\/Connexion.jpg\",\"inLanguage\":\"fr-FR\",\"potentialAction\":[{\"@type\":\"CommentAction\",\"name\":\"Comment\",\"target\":[\"https:\/\/www.bellemareart.com\/fr\/exposition-connexion-bellemare\/#respond\"]}]},{\"@type\":\"WebPage\",\"@id\":\"https:\/\/www.bellemareart.com\/fr\/exposition-connexion-bellemare\/\",\"url\":\"https:\/\/www.bellemareart.com\/fr\/exposition-connexion-bellemare\/\",\"name\":\"Exposition \/ Connexion \/ Bellemare - Pierre Bellemare\",\"isPartOf\":{\"@id\":\"https:\/\/www.bellemareart.com\/#website\"},\"primaryImageOfPage\":{\"@id\":\"https:\/\/www.bellemareart.com\/fr\/exposition-connexion-bellemare\/#primaryimage\"},\"image\":{\"@id\":\"https:\/\/www.bellemareart.com\/fr\/exposition-connexion-bellemare\/#primaryimage\"},\"thumbnailUrl\":\"https:\/\/www.bellemareart.com\/wp-content\/uploads\/2024\/12\/Connexion.jpg\",\"datePublished\":\"2015-05-05T00:00:00+00:00\",\"dateModified\":\"2024-12-07T17:07:21+00:00\",\"breadcrumb\":{\"@id\":\"https:\/\/www.bellemareart.com\/fr\/exposition-connexion-bellemare\/#breadcrumb\"},\"inLanguage\":\"fr-FR\",\"potentialAction\":[{\"@type\":\"ReadAction\",\"target\":[\"https:\/\/www.bellemareart.com\/fr\/exposition-connexion-bellemare\/\"]}]},{\"@type\":\"ImageObject\",\"inLanguage\":\"fr-FR\",\"@id\":\"https:\/\/www.bellemareart.com\/fr\/exposition-connexion-bellemare\/#primaryimage\",\"url\":\"https:\/\/www.bellemareart.com\/wp-content\/uploads\/2024\/12\/Connexion.jpg\",\"contentUrl\":\"https:\/\/www.bellemareart.com\/wp-content\/uploads\/2024\/12\/Connexion.jpg\",\"width\":1000,\"height\":425},{\"@type\":\"BreadcrumbList\",\"@id\":\"https:\/\/www.bellemareart.com\/fr\/exposition-connexion-bellemare\/#breadcrumb\",\"itemListElement\":[{\"@type\":\"ListItem\",\"position\":1,\"name\":\"Home\",\"item\":\"https:\/\/www.bellemareart.com\/\"},{\"@type\":\"ListItem\",\"position\":2,\"name\":\"Exposition \/ Connexion \/ Bellemare\"}]},{\"@type\":\"WebSite\",\"@id\":\"https:\/\/www.bellemareart.com\/#website\",\"url\":\"https:\/\/www.bellemareart.com\/\",\"name\":\"Pierre Bellemare - Art Abstrait\",\"description\":\"Artiste peintre\",\"publisher\":{\"@id\":\"https:\/\/www.bellemareart.com\/#\/schema\/person\/52edad8d7db1bc3e7bab550ad97ef6f1\"},\"potentialAction\":[{\"@type\":\"SearchAction\",\"target\":{\"@type\":\"EntryPoint\",\"urlTemplate\":\"https:\/\/www.bellemareart.com\/?s={search_term_string}\"},\"query-input\":{\"@type\":\"PropertyValueSpecification\",\"valueRequired\":true,\"valueName\":\"search_term_string\"}}],\"inLanguage\":\"fr-FR\"},{\"@type\":[\"Person\",\"Organization\"],\"@id\":\"https:\/\/www.bellemareart.com\/#\/schema\/person\/52edad8d7db1bc3e7bab550ad97ef6f1\",\"name\":\"Pierre Bellemare\",\"image\":{\"@type\":\"ImageObject\",\"inLanguage\":\"fr-FR\",\"@id\":\"https:\/\/www.bellemareart.com\/#\/schema\/person\/image\/\",\"url\":\"https:\/\/www.bellemareart.com\/wp-content\/uploads\/2024\/12\/photo-contact.jpg\",\"contentUrl\":\"https:\/\/www.bellemareart.com\/wp-content\/uploads\/2024\/12\/photo-contact.jpg\",\"width\":750,\"height\":1000,\"caption\":\"Pierre Bellemare\"},\"logo\":{\"@id\":\"https:\/\/www.bellemareart.com\/#\/schema\/person\/image\/\"},\"sameAs\":[\"https:\/\/www.instagram.com\/bellemare_art\/\"],\"url\":\"https:\/\/www.bellemareart.com\/fr\/author\/pierre\/\"}]}<\/script>\n<!-- \/ Yoast SEO plugin. -->","yoast_head_json":{"title":"Exposition \/ Connexion \/ Bellemare - Pierre Bellemare","robots":{"index":"index","follow":"follow","max-snippet":"max-snippet:-1","max-image-preview":"max-image-preview:large","max-video-preview":"max-video-preview:-1"},"canonical":"https:\/\/www.bellemareart.com\/fr\/exposition-connexion-bellemare\/","og_locale":"fr_FR","og_type":"article","og_title":"Exposition \/ Connexion \/ Bellemare - Pierre Bellemare","og_description":"Superbe soir\u00e9e pour le vernissage de mon exposition \u00ab\u00a0Connexion\u00a0\u00bb hier! Merci \u00e0 Brigitte Poitras pour sa visite et f\u00e9licitations pour son acquisition qui par le fait m\u00eame, contribue \u00e0 la Fondation du Dr Julien. www.mreno.com\/portfolios\/pierre-bellemare\/","og_url":"https:\/\/www.bellemareart.com\/fr\/exposition-connexion-bellemare\/","og_site_name":"Pierre Bellemare","article_published_time":"2015-05-05T00:00:00+00:00","article_modified_time":"2024-12-07T17:07:21+00:00","og_image":[{"width":1000,"height":425,"url":"https:\/\/www.bellemareart.com\/wp-content\/uploads\/2024\/12\/Connexion.jpg","type":"image\/jpeg"}],"author":"Pierre Bellemare","twitter_card":"summary_large_image","twitter_misc":{"\u00c9crit par":"Pierre Bellemare"},"schema":{"@context":"https:\/\/schema.org","@graph":[{"@type":"Article","@id":"https:\/\/www.bellemareart.com\/fr\/exposition-connexion-bellemare\/#article","isPartOf":{"@id":"https:\/\/www.bellemareart.com\/fr\/exposition-connexion-bellemare\/"},"author":{"name":"Pierre Bellemare","@id":"https:\/\/www.bellemareart.com\/#\/schema\/person\/52edad8d7db1bc3e7bab550ad97ef6f1"},"headline":"Exposition \/ Connexion \/ Bellemare","datePublished":"2015-05-05T00:00:00+00:00","dateModified":"2024-12-07T17:07:21+00:00","mainEntityOfPage":{"@id":"https:\/\/www.bellemareart.com\/fr\/exposition-connexion-bellemare\/"},"wordCount":43,"commentCount":0,"publisher":{"@id":"https:\/\/www.bellemareart.com\/#\/schema\/person\/52edad8d7db1bc3e7bab550ad97ef6f1"},"image":{"@id":"https:\/\/www.bellemareart.com\/fr\/exposition-connexion-bellemare\/#primaryimage"},"thumbnailUrl":"https:\/\/www.bellemareart.com\/wp-content\/uploads\/2024\/12\/Connexion.jpg","inLanguage":"fr-FR","potentialAction":[{"@type":"CommentAction","name":"Comment","target":["https:\/\/www.bellemareart.com\/fr\/exposition-connexion-bellemare\/#respond"]}]},{"@type":"WebPage","@id":"https:\/\/www.bellemareart.com\/fr\/exposition-connexion-bellemare\/","url":"https:\/\/www.bellemareart.com\/fr\/exposition-connexion-bellemare\/","name":"Exposition \/ Connexion \/ Bellemare - Pierre Bellemare","isPartOf":{"@id":"https:\/\/www.bellemareart.com\/#website"},"primaryImageOfPage":{"@id":"https:\/\/www.bellemareart.com\/fr\/exposition-connexion-bellemare\/#primaryimage"},"image":{"@id":"https:\/\/www.bellemareart.com\/fr\/exposition-connexion-bellemare\/#primaryimage"},"thumbnailUrl":"https:\/\/www.bellemareart.com\/wp-content\/uploads\/2024\/12\/Connexion.jpg","datePublished":"2015-05-05T00:00:00+00:00","dateModified":"2024-12-07T17:07:21+00:00","breadcrumb":{"@id":"https:\/\/www.bellemareart.com\/fr\/exposition-connexion-bellemare\/#breadcrumb"},"inLanguage":"fr-FR","potentialAction":[{"@type":"ReadAction","target":["https:\/\/www.bellemareart.com\/fr\/exposition-connexion-bellemare\/"]}]},{"@type":"ImageObject","inLanguage":"fr-FR","@id":"https:\/\/www.bellemareart.com\/fr\/exposition-connexion-bellemare\/#primaryimage","url":"https:\/\/www.bellemareart.com\/wp-content\/uploads\/2024\/12\/Connexion.jpg","contentUrl":"https:\/\/www.bellemareart.com\/wp-content\/uploads\/2024\/12\/Connexion.jpg","width":1000,"height":425},{"@type":"BreadcrumbList","@id":"https:\/\/www.bellemareart.com\/fr\/exposition-connexion-bellemare\/#breadcrumb","itemListElement":[{"@type":"ListItem","position":1,"name":"Home","item":"https:\/\/www.bellemareart.com\/"},{"@type":"ListItem","position":2,"name":"Exposition \/ Connexion \/ Bellemare"}]},{"@type":"WebSite","@id":"https:\/\/www.bellemareart.com\/#website","url":"https:\/\/www.bellemareart.com\/","name":"Pierre Bellemare - Art Abstrait","description":"Artiste peintre","publisher":{"@id":"https:\/\/www.bellemareart.com\/#\/schema\/person\/52edad8d7db1bc3e7bab550ad97ef6f1"},"potentialAction":[{"@type":"SearchAction","target":{"@type":"EntryPoint","urlTemplate":"https:\/\/www.bellemareart.com\/?s={search_term_string}"},"query-input":{"@type":"PropertyValueSpecification","valueRequired":true,"valueName":"search_term_string"}}],"inLanguage":"fr-FR"},{"@type":["Person","Organization"],"@id":"https:\/\/www.bellemareart.com\/#\/schema\/person\/52edad8d7db1bc3e7bab550ad97ef6f1","name":"Pierre Bellemare","image":{"@type":"ImageObject","inLanguage":"fr-FR","@id":"https:\/\/www.bellemareart.com\/#\/schema\/person\/image\/","url":"https:\/\/www.bellemareart.com\/wp-content\/uploads\/2024\/12\/photo-contact.jpg","contentUrl":"https:\/\/www.bellemareart.com\/wp-content\/uploads\/2024\/12\/photo-contact.jpg","width":750,"height":1000,"caption":"Pierre Bellemare"},"logo":{"@id":"https:\/\/www.bellemareart.com\/#\/schema\/person\/image\/"},"sameAs":["https:\/\/www.instagram.com\/bellemare_art\/"],"url":"https:\/\/www.bellemareart.com\/fr\/author\/pierre\/"}]}},"_links":{"self":[{"href":"https:\/\/www.bellemareart.com\/fr\/wp-json\/wp\/v2\/posts\/3114","targetHints":{"allow":["GET"]}}],"collection":[{"href":"https:\/\/www.bellemareart.com\/fr\/wp-json\/wp\/v2\/posts"}],"about":[{"href":"https:\/\/www.bellemareart.com\/fr\/wp-json\/wp\/v2\/types\/post"}],"author":[{"embeddable":true,"href":"https:\/\/www.bellemareart.com\/fr\/wp-json\/wp\/v2\/users\/2"}],"replies":[{"embeddable":true,"href":"https:\/\/www.bellemareart.com\/fr\/wp-json\/wp\/v2\/comments?post=3114"}],"version-history":[{"count":3,"href":"https:\/\/www.bellemareart.com\/fr\/wp-json\/wp\/v2\/posts\/3114\/revisions"}],"predecessor-version":[{"id":3281,"href":"https:\/\/www.bellemareart.com\/fr\/wp-json\/wp\/v2\/posts\/3114\/revisions\/3281"}],"wp:featuredmedia":[{"embeddable":true,"href":"https:\/\/www.bellemareart.com\/fr\/wp-json\/wp\/v2\/media\/3162"}],"wp:attachment":[{"href":"https:\/\/www.bellemareart.com\/fr\/wp-json\/wp\/v2\/media?parent=3114"}],"wp:term":[{"taxonomy":"category","embeddable":true,"href":"https:\/\/www.bellemareart.com\/fr\/wp-json\/wp\/v2\/categories?post=3114"},{"taxonomy":"post_tag","embeddable":true,"href":"https:\/\/www.bellemareart.com\/fr\/wp-json\/wp\/v2\/tags?post=3114"}],"curies":[{"name":"wp","href":"https:\/\/api.w.org\/{rel}","templated":true}]}}